{"id":2669,"date":"2024-03-09T20:40:00","date_gmt":"2024-03-09T20:40:00","guid":{"rendered":"http:\/\/zsgrochowce.webd.pl\/?p=2669"},"modified":"2024-04-21T20:43:58","modified_gmt":"2024-04-21T20:43:58","slug":"final-xxxiii-podkarpackiego-festiwalu-piosenki","status":"publish","type":"post","link":"http:\/\/zsgrochowce.webd.pl\/index.php\/2024\/03\/09\/final-xxxiii-podkarpackiego-festiwalu-piosenki\/","title":{"rendered":"Fina\u0142 XXXIII PODKARPACKIEGO FESTIWALU PIOSENKI"},"content":{"rendered":"\n<p>Mi\u0142o nam poinformowa\u0107, \u017ce uczennica naszej szko\u0142y Milena Litwa zakwalifikowa\u0142a si\u0119 do fina\u0142u XXXIII PODKARPACKIEGO FESTIWALU PIOSENKI &#8221; \u015apiewaj razem z nami&#8221; . W dniu dzisiejszym w Centrum Kulturalnym w Przemy\u015blu Milenka przesz\u0142a eliminacje na szczeblu powiatowym, wykonuj\u0105c utwory &#8220;Szabada &#8221; oraz &#8221; Drzwi do kariery&#8221; i dosta\u0142a si\u0119 do etapu wojew\u00f3dzkiego. <\/p>\n\n\n\n<p>Gratulujemy i \u017cyczymy dalszych sukces\u00f3w!<\/p>\n\n\n\n<figure class=\"wp-block-gallery columns-1 is-cropped\"><ul class=\"blocks-gallery-grid\"><li class=\"blocks-gallery-item\"><figure><img loading=\"lazy\" width=\"768\" height=\"1024\" src=\"http:\/\/zsgrochowce.webd.pl\/wp-content\/uploads\/2024\/04\/1_08.03.2024-768x1024.jpg\" alt=\"\" data-id=\"2670\" data-full-url=\"http:\/\/zsgrochowce.webd.pl\/wp-content\/uploads\/2024\/04\/1_08.03.2024.jpg\" data-link=\"http:\/\/zsgrochowce.webd.pl\/?attachment_id=2670\" class=\"wp-image-2670\" srcset=\"http:\/\/zsgrochowce.webd.pl\/wp-content\/uploads\/2024\/04\/1_08.03.2024-768x1024.jpg 768w, http:\/\/zsgrochowce.webd.pl\/wp-content\/uploads\/2024\/04\/1_08.03.2024-225x300.jpg 225w, http:\/\/zsgrochowce.webd.pl\/wp-content\/uploads\/2024\/04\/1_08.03.2024-1152x1536.jpg 1152w, http:\/\/zsgrochowce.webd.pl\/wp-content\/uploads\/2024\/04\/1_08.03.2024-203x270.jpg 203w, http:\/\/zsgrochowce.webd.pl\/wp-content\/uploads\/2024\/04\/1_08.03.2024.jpg 1512w\" sizes=\"(max-width: 768px) 100vw, 768px\" \/><\/figure><\/li><\/ul><\/figure>\n","protected":false},"excerpt":{"rendered":"<p>Mi\u0142o nam poinformowa\u0107, \u017ce uczennica naszej szko\u0142y Milena Litwa zakwalifikowa\u0142a si\u0119 do fina\u0142u    XXXIII PODKARPACKIEGO FESTIWALU PIOSENKI &#8221; \u015apiewaj razem z nami&#8221; . W dniu dzisiejszym w Centrum Kulturalnym w Przemy\u015blu Milenka przesz\u0142a eliminacje na szczeblu powiatowym, wykonuj\u0105c utwory &#8220;Szabada &#8221; oraz &#8221; Drzwi do kariery&#8221; i dosta\u0142a si\u0119 do etapu wojew\u00f3dzkiego. Gratulujemy i \u017cyczymy dalszych sukces\u00f3w!<\/p>\n","protected":false},"author":1,"featured_media":2670,"comment_status":"closed","ping_status":"closed","sticky":true,"template":"","format":"standard","meta":[],"categories":[11],"tags":[],"_links":{"self":[{"href":"http:\/\/zsgrochowce.webd.pl\/index.php\/wp-json\/wp\/v2\/posts\/2669"}],"collection":[{"href":"http:\/\/zsgrochowce.webd.pl\/index.php\/wp-json\/wp\/v2\/posts"}],"about":[{"href":"http:\/\/zsgrochowce.webd.pl\/index.php\/wp-json\/wp\/v2\/types\/post"}],"author":[{"embeddable":true,"href":"http:\/\/zsgrochowce.webd.pl\/index.php\/wp-json\/wp\/v2\/users\/1"}],"replies":[{"embeddable":true,"href":"http:\/\/zsgrochowce.webd.pl\/index.php\/wp-json\/wp\/v2\/comments?post=2669"}],"version-history":[{"count":1,"href":"http:\/\/zsgrochowce.webd.pl\/index.php\/wp-json\/wp\/v2\/posts\/2669\/revisions"}],"predecessor-version":[{"id":2671,"href":"http:\/\/zsgrochowce.webd.pl\/index.php\/wp-json\/wp\/v2\/posts\/2669\/revisions\/2671"}],"wp:featuredmedia":[{"embeddable":true,"href":"http:\/\/zsgrochowce.webd.pl\/index.php\/wp-json\/wp\/v2\/media\/2670"}],"wp:attachment":[{"href":"http:\/\/zsgrochowce.webd.pl\/index.php\/wp-json\/wp\/v2\/media?parent=2669"}],"wp:term":[{"taxonomy":"category","embeddable":true,"href":"http:\/\/zsgrochowce.webd.pl\/index.php\/wp-json\/wp\/v2\/categories?post=2669"},{"taxonomy":"post_tag","embeddable":true,"href":"http:\/\/zsgrochowce.webd.pl\/index.php\/wp-json\/wp\/v2\/tags?post=2669"}],"curies":[{"name":"wp","href":"https:\/\/api.w.org\/{rel}","templated":true}]}}